{"id":4153,"date":"2019-01-29T10:15:12","date_gmt":"2019-01-29T10:15:12","guid":{"rendered":"https:\/\/www.onspotstory.com\/?p=4153"},"modified":"2019-07-11T15:03:40","modified_gmt":"2019-07-11T15:03:40","slug":"speaking-memories","status":"publish","type":"post","link":"https:\/\/www.onspotstory.com\/index.php\/speaking-memories\/","title":{"rendered":"Speaking Memories \u2013 The Last Witnesses of the Holocaust"},"content":{"rendered":"<div class=\"fusion-fullwidth fullwidth-box fusion-builder-row-1 nonhundred-percent-fullwidth non-hundred-percent-height-scrolling\" style=\"--awb-border-radius-top-left:0px;--awb-border-radius-top-right:0px;--awb-border-radius-bottom-right:0px;--awb-border-radius-bottom-left:0px;--awb-flex-wrap:wrap;\" ><div class=\"fusion-builder-row fusion-row\"><div class=\"fusion-layout-column fusion_builder_column fusion-builder-column-0 fusion_builder_column_1_1 1_1 fusion-one-full fusion-column-first fusion-column-last\" style=\"--awb-bg-size:cover;\"><div class=\"fusion-column-wrapper fusion-flex-column-wrapper-legacy\"><div class=\"fusion-text fusion-text-1\"><p>We are very\u00a0honoured\u00a0to have the tiniest of parts in the new exhibition <a href=\"http:\/\/historiska.se\/utstallningar\/speaking-memories-en\/\" target=\"_blank\" rel=\"noopener noreferrer\">Speaking Memories\u00a0\u2013 The Last Witnesses of the Holocaust<\/a> \u2013 at the Swedish History Museum. The exhibition is, in the words of the museum, &#8221;dedicated to those who were there. Those who have personal memories and experience from the Holocaust. Those who survived&#8221;.<\/p>\n<p>Speaking Memories\u00a0is portraits, testimonies, videos, an interactive installation as well as an audio guide\u00a0in which you can listen to\u00a0testimonies from some of the survivors. The exhibition is on until September 2019.<\/p>\n<p><a href=\"https:\/\/webapp.onspotstory.com\/historiska\/1\/1610\/6230\" target=\"_blank\" rel=\"noopener noreferrer\">Listen here.<br \/>\n<\/a><em>The majority of\u00a0the testimonies are in Swedish.<\/em><\/p>\n<p>&nbsp;<\/p>\n<\/div><div class=\"fusion-clearfix\"><\/div><\/div><\/div><\/div><\/div>\n","protected":false},"excerpt":{"rendered":"","protected":false},"author":1,"featured_media":4199,"comment_status":"closed","ping_status":"open","sticky":false,"template":"","format":"gallery","meta":{"footnotes":""},"categories":[1],"tags":[15,30,64,14,78,55,40],"class_list":["post-4153","post","type-post","status-publish","format-gallery","has-post-thumbnail","hentry","category-uncategorized","tag-audio","tag-audio-guide","tag-exhibition","tag-historiska","tag-history","tag-museum","tag-museum-archives","post_format-post-format-gallery"],"yoast_head":"<!-- This site is optimized with the Yoast SEO plugin v24.6 - https:\/\/yoast.com\/wordpress\/plugins\/seo\/ -->\n<title>Speaking Memories \u2013 Swedish History Museum Exhibition | OnSpotStory<\/title>\n<meta name=\"description\" content=\"The new exhibition Speaking Memories \u2013 The Last Witnesses of the Holocaust \u2013 at the Swedish History Museum is dedicated to those who were there.\" \/>\n<meta name=\"robots\" content=\"index, follow, max-snippet:-1, max-image-preview:large, max-video-preview:-1\" \/>\n<link rel=\"canonical\" href=\"https:\/\/www.onspotstory.com\/index.php\/speaking-memories\/\" \/>\n<meta property=\"og:locale\" content=\"sv_SE\" \/>\n<meta property=\"og:type\" content=\"article\" \/>\n<meta property=\"og:title\" content=\"Speaking Memories \u2013 Swedish History Museum Exhibition | OnSpotStory\" \/>\n<meta property=\"og:description\" content=\"The new exhibition Speaking Memories \u2013 The Last Witnesses of the Holocaust \u2013 at the Swedish History Museum is dedicated to those who were there.\" \/>\n<meta property=\"og:url\" content=\"https:\/\/www.onspotstory.com\/index.php\/speaking-memories\/\" \/>\n<meta property=\"og:site_name\" content=\"OnSpotStory\" \/>\n<meta property=\"article:publisher\" content=\"https:\/\/www.facebook.com\/OnSpotStoryEurope\/\" \/>\n<meta property=\"article:published_time\" content=\"2019-01-29T10:15:12+00:00\" \/>\n<meta property=\"article:modified_time\" content=\"2019-07-11T15:03:40+00:00\" \/>\n<meta property=\"og:image\" content=\"https:\/\/www.onspotstory.com\/wp-content\/uploads\/2019\/01\/IMG_1562.jpg\" \/>\n\t<meta property=\"og:image:width\" content=\"924\" \/>\n\t<meta property=\"og:image:height\" content=\"1155\" \/>\n\t<meta property=\"og:image:type\" content=\"image\/jpeg\" \/>\n<meta name=\"author\" content=\"onspotstory\" \/>\n<meta name=\"twitter:card\" content=\"summary_large_image\" \/>\n<meta name=\"twitter:title\" content=\"Speaking Memories\" \/>\n<meta name=\"twitter:image\" content=\"https:\/\/www.onspotstory.com\/wp-content\/uploads\/2019\/01\/tweet.jpg\" \/>\n<meta name=\"twitter:label1\" content=\"Skriven av\" \/>\n\t<meta name=\"twitter:data1\" content=\"onspotstory\" \/>\n\t<meta name=\"twitter:label2\" content=\"Ber\u00e4knad l\u00e4stid\" \/>\n\t<meta name=\"twitter:data2\" content=\"1 minut\" \/>\n<script type=\"application\/ld+json\" class=\"yoast-schema-graph\">{\"@context\":\"https:\/\/schema.org\",\"@graph\":[{\"@type\":[\"Article\",\"BlogPosting\"],\"@id\":\"https:\/\/www.onspotstory.com\/index.php\/speaking-memories\/#article\",\"isPartOf\":{\"@id\":\"https:\/\/www.onspotstory.com\/index.php\/speaking-memories\/\"},\"author\":{\"name\":\"onspotstory\",\"@id\":\"https:\/\/www.onspotstory.com\/#\/schema\/person\/84fbbdda9172abb5d2869f5625cea099\"},\"headline\":\"Speaking Memories \u2013 The Last Witnesses of the Holocaust\",\"datePublished\":\"2019-01-29T10:15:12+00:00\",\"dateModified\":\"2019-07-11T15:03:40+00:00\",\"mainEntityOfPage\":{\"@id\":\"https:\/\/www.onspotstory.com\/index.php\/speaking-memories\/\"},\"wordCount\":261,\"publisher\":{\"@id\":\"https:\/\/www.onspotstory.com\/#organization\"},\"image\":{\"@id\":\"https:\/\/www.onspotstory.com\/index.php\/speaking-memories\/#primaryimage\"},\"thumbnailUrl\":\"https:\/\/www.onspotstory.com\/wp-content\/uploads\/2019\/01\/IMG_1562.jpg\",\"keywords\":[\"audio\",\"audio guide\",\"exhibition\",\"historiska\",\"history\",\"museum\",\"museum archives\"],\"articleSection\":[\"Uncategorized\"],\"inLanguage\":\"sv-SE\"},{\"@type\":\"WebPage\",\"@id\":\"https:\/\/www.onspotstory.com\/index.php\/speaking-memories\/\",\"url\":\"https:\/\/www.onspotstory.com\/index.php\/speaking-memories\/\",\"name\":\"Speaking Memories \u2013 Swedish History Museum Exhibition | OnSpotStory\",\"isPartOf\":{\"@id\":\"https:\/\/www.onspotstory.com\/#website\"},\"primaryImageOfPage\":{\"@id\":\"https:\/\/www.onspotstory.com\/index.php\/speaking-memories\/#primaryimage\"},\"image\":{\"@id\":\"https:\/\/www.onspotstory.com\/index.php\/speaking-memories\/#primaryimage\"},\"thumbnailUrl\":\"https:\/\/www.onspotstory.com\/wp-content\/uploads\/2019\/01\/IMG_1562.jpg\",\"datePublished\":\"2019-01-29T10:15:12+00:00\",\"dateModified\":\"2019-07-11T15:03:40+00:00\",\"description\":\"The new exhibition Speaking Memories \u2013 The Last Witnesses of the Holocaust \u2013 at the Swedish History Museum is dedicated to those who were there.\",\"breadcrumb\":{\"@id\":\"https:\/\/www.onspotstory.com\/index.php\/speaking-memories\/#breadcrumb\"},\"inLanguage\":\"sv-SE\",\"potentialAction\":[{\"@type\":\"ReadAction\",\"target\":[\"https:\/\/www.onspotstory.com\/index.php\/speaking-memories\/\"]}]},{\"@type\":\"ImageObject\",\"inLanguage\":\"sv-SE\",\"@id\":\"https:\/\/www.onspotstory.com\/index.php\/speaking-memories\/#primaryimage\",\"url\":\"https:\/\/www.onspotstory.com\/wp-content\/uploads\/2019\/01\/IMG_1562.jpg\",\"contentUrl\":\"https:\/\/www.onspotstory.com\/wp-content\/uploads\/2019\/01\/IMG_1562.jpg\",\"width\":924,\"height\":1155,\"caption\":\"speaking memories\"},{\"@type\":\"BreadcrumbList\",\"@id\":\"https:\/\/www.onspotstory.com\/index.php\/speaking-memories\/#breadcrumb\",\"itemListElement\":[{\"@type\":\"ListItem\",\"position\":1,\"name\":\"Hem\",\"item\":\"https:\/\/www.onspotstory.com\/\"},{\"@type\":\"ListItem\",\"position\":2,\"name\":\"Speaking Memories \u2013 The Last Witnesses of the Holocaust\"}]},{\"@type\":\"WebSite\",\"@id\":\"https:\/\/www.onspotstory.com\/#website\",\"url\":\"https:\/\/www.onspotstory.com\/\",\"name\":\"OnSpotStory\",\"description\":\"Vi utvecklar appar f\u00f6r kommuner, museer och bes\u00f6ksm\u00e5l\",\"publisher\":{\"@id\":\"https:\/\/www.onspotstory.com\/#organization\"},\"potentialAction\":[{\"@type\":\"SearchAction\",\"target\":{\"@type\":\"EntryPoint\",\"urlTemplate\":\"https:\/\/www.onspotstory.com\/?s={search_term_string}\"},\"query-input\":{\"@type\":\"PropertyValueSpecification\",\"valueRequired\":true,\"valueName\":\"search_term_string\"}}],\"inLanguage\":\"sv-SE\"},{\"@type\":\"Organization\",\"@id\":\"https:\/\/www.onspotstory.com\/#organization\",\"name\":\"OnSpotStory\",\"url\":\"https:\/\/www.onspotstory.com\/\",\"logo\":{\"@type\":\"ImageObject\",\"inLanguage\":\"sv-SE\",\"@id\":\"https:\/\/www.onspotstory.com\/#\/schema\/logo\/image\/\",\"url\":\"https:\/\/www.onspotstory.com\/wp-content\/uploads\/2022\/09\/OSMS_logga_utanmost-1.png\",\"contentUrl\":\"https:\/\/www.onspotstory.com\/wp-content\/uploads\/2022\/09\/OSMS_logga_utanmost-1.png\",\"width\":250,\"height\":60,\"caption\":\"OnSpotStory\"},\"image\":{\"@id\":\"https:\/\/www.onspotstory.com\/#\/schema\/logo\/image\/\"},\"sameAs\":[\"https:\/\/www.facebook.com\/OnSpotStoryEurope\/\",\"https:\/\/www.instagram.com\/onspotstory_europe\/\",\"https:\/\/www.linkedin.com\/in\/staffangerlow\/\",\"https:\/\/www.youtube.com\/user\/OnSpotStory\"]},{\"@type\":\"Person\",\"@id\":\"https:\/\/www.onspotstory.com\/#\/schema\/person\/84fbbdda9172abb5d2869f5625cea099\",\"name\":\"onspotstory\",\"image\":{\"@type\":\"ImageObject\",\"inLanguage\":\"sv-SE\",\"@id\":\"https:\/\/www.onspotstory.com\/#\/schema\/person\/image\/\",\"url\":\"https:\/\/secure.gravatar.com\/avatar\/e111d19ec459b955306447cffc711b1a?s=96&d=mm&r=g\",\"contentUrl\":\"https:\/\/secure.gravatar.com\/avatar\/e111d19ec459b955306447cffc711b1a?s=96&d=mm&r=g\",\"caption\":\"onspotstory\"}}]}<\/script>\n<!-- \/ Yoast SEO plugin. -->","yoast_head_json":{"title":"Speaking Memories \u2013 Swedish History Museum Exhibition | OnSpotStory","description":"The new exhibition Speaking Memories \u2013 The Last Witnesses of the Holocaust \u2013 at the Swedish History Museum is dedicated to those who were there.","robots":{"index":"index","follow":"follow","max-snippet":"max-snippet:-1","max-image-preview":"max-image-preview:large","max-video-preview":"max-video-preview:-1"},"canonical":"https:\/\/www.onspotstory.com\/index.php\/speaking-memories\/","og_locale":"sv_SE","og_type":"article","og_title":"Speaking Memories \u2013 Swedish History Museum Exhibition | OnSpotStory","og_description":"The new exhibition Speaking Memories \u2013 The Last Witnesses of the Holocaust \u2013 at the Swedish History Museum is dedicated to those who were there.","og_url":"https:\/\/www.onspotstory.com\/index.php\/speaking-memories\/","og_site_name":"OnSpotStory","article_publisher":"https:\/\/www.facebook.com\/OnSpotStoryEurope\/","article_published_time":"2019-01-29T10:15:12+00:00","article_modified_time":"2019-07-11T15:03:40+00:00","og_image":[{"width":924,"height":1155,"url":"https:\/\/www.onspotstory.com\/wp-content\/uploads\/2019\/01\/IMG_1562.jpg","type":"image\/jpeg"}],"author":"onspotstory","twitter_card":"summary_large_image","twitter_title":"Speaking Memories","twitter_image":"https:\/\/www.onspotstory.com\/wp-content\/uploads\/2019\/01\/tweet.jpg","twitter_misc":{"Skriven av":"onspotstory","Ber\u00e4knad l\u00e4stid":"1 minut"},"schema":{"@context":"https:\/\/schema.org","@graph":[{"@type":["Article","BlogPosting"],"@id":"https:\/\/www.onspotstory.com\/index.php\/speaking-memories\/#article","isPartOf":{"@id":"https:\/\/www.onspotstory.com\/index.php\/speaking-memories\/"},"author":{"name":"onspotstory","@id":"https:\/\/www.onspotstory.com\/#\/schema\/person\/84fbbdda9172abb5d2869f5625cea099"},"headline":"Speaking Memories \u2013 The Last Witnesses of the Holocaust","datePublished":"2019-01-29T10:15:12+00:00","dateModified":"2019-07-11T15:03:40+00:00","mainEntityOfPage":{"@id":"https:\/\/www.onspotstory.com\/index.php\/speaking-memories\/"},"wordCount":261,"publisher":{"@id":"https:\/\/www.onspotstory.com\/#organization"},"image":{"@id":"https:\/\/www.onspotstory.com\/index.php\/speaking-memories\/#primaryimage"},"thumbnailUrl":"https:\/\/www.onspotstory.com\/wp-content\/uploads\/2019\/01\/IMG_1562.jpg","keywords":["audio","audio guide","exhibition","historiska","history","museum","museum archives"],"articleSection":["Uncategorized"],"inLanguage":"sv-SE"},{"@type":"WebPage","@id":"https:\/\/www.onspotstory.com\/index.php\/speaking-memories\/","url":"https:\/\/www.onspotstory.com\/index.php\/speaking-memories\/","name":"Speaking Memories \u2013 Swedish History Museum Exhibition | OnSpotStory","isPartOf":{"@id":"https:\/\/www.onspotstory.com\/#website"},"primaryImageOfPage":{"@id":"https:\/\/www.onspotstory.com\/index.php\/speaking-memories\/#primaryimage"},"image":{"@id":"https:\/\/www.onspotstory.com\/index.php\/speaking-memories\/#primaryimage"},"thumbnailUrl":"https:\/\/www.onspotstory.com\/wp-content\/uploads\/2019\/01\/IMG_1562.jpg","datePublished":"2019-01-29T10:15:12+00:00","dateModified":"2019-07-11T15:03:40+00:00","description":"The new exhibition Speaking Memories \u2013 The Last Witnesses of the Holocaust \u2013 at the Swedish History Museum is dedicated to those who were there.","breadcrumb":{"@id":"https:\/\/www.onspotstory.com\/index.php\/speaking-memories\/#breadcrumb"},"inLanguage":"sv-SE","potentialAction":[{"@type":"ReadAction","target":["https:\/\/www.onspotstory.com\/index.php\/speaking-memories\/"]}]},{"@type":"ImageObject","inLanguage":"sv-SE","@id":"https:\/\/www.onspotstory.com\/index.php\/speaking-memories\/#primaryimage","url":"https:\/\/www.onspotstory.com\/wp-content\/uploads\/2019\/01\/IMG_1562.jpg","contentUrl":"https:\/\/www.onspotstory.com\/wp-content\/uploads\/2019\/01\/IMG_1562.jpg","width":924,"height":1155,"caption":"speaking memories"},{"@type":"BreadcrumbList","@id":"https:\/\/www.onspotstory.com\/index.php\/speaking-memories\/#breadcrumb","itemListElement":[{"@type":"ListItem","position":1,"name":"Hem","item":"https:\/\/www.onspotstory.com\/"},{"@type":"ListItem","position":2,"name":"Speaking Memories \u2013 The Last Witnesses of the Holocaust"}]},{"@type":"WebSite","@id":"https:\/\/www.onspotstory.com\/#website","url":"https:\/\/www.onspotstory.com\/","name":"OnSpotStory","description":"Vi utvecklar appar f\u00f6r kommuner, museer och bes\u00f6ksm\u00e5l","publisher":{"@id":"https:\/\/www.onspotstory.com\/#organization"},"potentialAction":[{"@type":"SearchAction","target":{"@type":"EntryPoint","urlTemplate":"https:\/\/www.onspotstory.com\/?s={search_term_string}"},"query-input":{"@type":"PropertyValueSpecification","valueRequired":true,"valueName":"search_term_string"}}],"inLanguage":"sv-SE"},{"@type":"Organization","@id":"https:\/\/www.onspotstory.com\/#organization","name":"OnSpotStory","url":"https:\/\/www.onspotstory.com\/","logo":{"@type":"ImageObject","inLanguage":"sv-SE","@id":"https:\/\/www.onspotstory.com\/#\/schema\/logo\/image\/","url":"https:\/\/www.onspotstory.com\/wp-content\/uploads\/2022\/09\/OSMS_logga_utanmost-1.png","contentUrl":"https:\/\/www.onspotstory.com\/wp-content\/uploads\/2022\/09\/OSMS_logga_utanmost-1.png","width":250,"height":60,"caption":"OnSpotStory"},"image":{"@id":"https:\/\/www.onspotstory.com\/#\/schema\/logo\/image\/"},"sameAs":["https:\/\/www.facebook.com\/OnSpotStoryEurope\/","https:\/\/www.instagram.com\/onspotstory_europe\/","https:\/\/www.linkedin.com\/in\/staffangerlow\/","https:\/\/www.youtube.com\/user\/OnSpotStory"]},{"@type":"Person","@id":"https:\/\/www.onspotstory.com\/#\/schema\/person\/84fbbdda9172abb5d2869f5625cea099","name":"onspotstory","image":{"@type":"ImageObject","inLanguage":"sv-SE","@id":"https:\/\/www.onspotstory.com\/#\/schema\/person\/image\/","url":"https:\/\/secure.gravatar.com\/avatar\/e111d19ec459b955306447cffc711b1a?s=96&d=mm&r=g","contentUrl":"https:\/\/secure.gravatar.com\/avatar\/e111d19ec459b955306447cffc711b1a?s=96&d=mm&r=g","caption":"onspotstory"}}]}},"_links":{"self":[{"href":"https:\/\/www.onspotstory.com\/index.php\/wp-json\/wp\/v2\/posts\/4153","targetHints":{"allow":["GET"]}}],"collection":[{"href":"https:\/\/www.onspotstory.com\/index.php\/wp-json\/wp\/v2\/posts"}],"about":[{"href":"https:\/\/www.onspotstory.com\/index.php\/wp-json\/wp\/v2\/types\/post"}],"author":[{"embeddable":true,"href":"https:\/\/www.onspotstory.com\/index.php\/wp-json\/wp\/v2\/users\/1"}],"replies":[{"embeddable":true,"href":"https:\/\/www.onspotstory.com\/index.php\/wp-json\/wp\/v2\/comments?post=4153"}],"version-history":[{"count":7,"href":"https:\/\/www.onspotstory.com\/index.php\/wp-json\/wp\/v2\/posts\/4153\/revisions"}],"predecessor-version":[{"id":4208,"href":"https:\/\/www.onspotstory.com\/index.php\/wp-json\/wp\/v2\/posts\/4153\/revisions\/4208"}],"wp:featuredmedia":[{"embeddable":true,"href":"https:\/\/www.onspotstory.com\/index.php\/wp-json\/wp\/v2\/media\/4199"}],"wp:attachment":[{"href":"https:\/\/www.onspotstory.com\/index.php\/wp-json\/wp\/v2\/media?parent=4153"}],"wp:term":[{"taxonomy":"category","embeddable":true,"href":"https:\/\/www.onspotstory.com\/index.php\/wp-json\/wp\/v2\/categories?post=4153"},{"taxonomy":"post_tag","embeddable":true,"href":"https:\/\/www.onspotstory.com\/index.php\/wp-json\/wp\/v2\/tags?post=4153"}],"curies":[{"name":"wp","href":"https:\/\/api.w.org\/{rel}","templated":true}]}}